{"id":182,"date":"2023-11-09T07:55:45","date_gmt":"2023-11-09T05:55:45","guid":{"rendered":"https:\/\/e-nb1.hu\/?p=182"},"modified":"2023-11-09T07:55:45","modified_gmt":"2023-11-09T05:55:45","slug":"a-hetvege-legjobbjai-2","status":"publish","type":"post","link":"https:\/\/e-nb1.hu\/?p=182","title":{"rendered":"A h\u00e9tv\u00e9ge legjobbjai!"},"content":{"rendered":"\n<p>Ma ism\u00e9t \u00e9rkezik az \u00faj POTW, \u00e9n pedig a j\u00f3slataimat osztan\u00e1m meg veletek.<\/p>\n\n\n\n<p>Lig\u00e1r\u00f3l-lig\u00e1ra haladva, j\u00f6n az \u00e9n tizenegyem!<\/p>\n\n\n\n<p>A francia \u00e9lvonalban p\u00e9nteken gy\u0151z\u00f6tt el\u00e9g sim\u00e1n a PSG, ahol Hakimi, <strong>Kang-In Lee<\/strong> \u00e9s Dembel\u00e9 is nagyot j\u00e1tszott. \u00c9n a koreaira voksolok! A Brest ellen g\u00f3lt \u00e9s g\u00f3lpasszt jegyz\u0151 <strong>Golovin<\/strong> is j\u00f3 es\u00e9llyel p\u00e1ly\u00e1zik a csapatba ker\u00fcl\u00e9sre.<\/p>\n\n\n\n<p>A PL-b\u0151l rendre ott van 3-4 j\u00e1t\u00e9kos. A h\u00e9tv\u00e9ge legjobb teljes\u00edtm\u00e9nye a manchesteri k\u00e9kek belga sz\u00e9ls\u0151j\u00e9nek, <strong>Doku<\/strong>-nak a nev\u00e9hez f\u0171z\u0151dik: el\u0151bb vezet\u00e9st szerzett, majd kiosztott  n\u00e9gy(!) asszisztot! A v\u00e1ros pirosabbik fel\u00e9n a szint\u00e9n meccs legjobbja c\u00edmmel b\u00fcszk\u00e9lked\u0151 <strong>Bruno Fernandes<\/strong> gy\u0151ztes tal\u00e1latot szerzett a Fulham otthon\u00e1ban. A h\u00e9tv\u00e9ge egyik nagy rangad\u00f3j\u00e1t <strong>Joeliton<\/strong> j\u00f3 j\u00e1t\u00e9k\u00e1nak is k\u00f6sz\u00f6nhet\u0151en nyerte meg a Newcastle az Arsenal ellen! A h\u00e9tf\u0151i meccsen pedig a Chelsea nyert derbit, <strong>Jackson<\/strong> mesterh\u00e1rmasa nagyon is kellett nekik.<\/p>\n\n\n\n<p>Spanyolorsz\u00e1gban a Real Madrid ellen par\u00e1d\u00e9z\u00f3 <strong>Dimitrievski<\/strong> ker\u00fclhet a kapuba. A Barcelona h\u00e1l\u00f3\u0151re is villogott, azon a meccsen m\u00e9gis ink\u00e1bb a h\u00e1rom pontot \u00e9r\u0151 g\u00f3l szerz\u0151je, az uruguay-i <strong>Araujo<\/strong> ker\u00fclhet be. Az ism\u00e9t \u00e9lre \u00e1ll\u00f3 Girona csapat\u00e1ban pedig a g\u00f3lt \u00e9s k\u00e9t g\u00f3lt \u00e9r\u0151 \u00e1tad\u00e1st elk\u00f6nyvel\u0151 ukr\u00e1n <strong>Dovbyk<\/strong> volt az egyik nyer\u0151ember.<\/p>\n\n\n\n<p>A top bajnoks\u00e1gokon k\u00edv\u00fcl tal\u00e1n a 6-0-\u00e1s sikert arat\u00f3 PSV j\u00e1t\u00e9kosi p\u00e1ly\u00e1znak. Veerman \u00e9s <strong>Ramalho<\/strong> k\u00f6z\u00fcl valaki ott lehet. Tal\u00e1n a brazil bekk kicsit es\u00e9lyesebb! Hossz\u00fa id\u0151 ut\u00e1n nyert \u00fajra az Ajax, n\u00e1luk a cserek\u00e9nt dupl\u00e1z\u00f3 Akpom mellett a v\u00e9gig j\u00f3l j\u00e1tsz\u00f3 <strong>Berghuis<\/strong> is rem\u00e9nykedhet! Belgiumban pedig a ki\u00fct\u00e9ssel gy\u0151z\u0151 ANderlecht d\u00e1n csat\u00e1ra, Dolberg j\u00f6het m\u00e9g sz\u00f3ba. \u0150 g\u00f3lt \u00e9s g\u00f3lpasszt tudhat maga m\u00f6g\u00f6tt a Cercle elleni meccsr\u0151l!<\/p>\n","protected":false},"excerpt":{"rendered":"<p>Ma ism\u00e9t \u00e9rkezik az \u00faj POTW, \u00e9n pedig a j\u00f3slataimat osztan\u00e1m meg veletek. Lig\u00e1r\u00f3l-lig\u00e1ra haladva, j\u00f6n az \u00e9n tizenegyem! A<\/p>\n","protected":false},"author":1,"featured_media":0,"comment_status":"open","ping_status":"open","sticky":false,"template":"","format":"standard","meta":{"colormag_page_container_layout":"default_layout","colormag_page_sidebar_layout":"default_layout","footnotes":""},"categories":[1],"tags":[],"class_list":["post-182","post","type-post","status-publish","format-standard","hentry","category-altalanos"],"_links":{"self":[{"href":"https:\/\/e-nb1.hu\/index.php?rest_route=\/wp\/v2\/posts\/182","targetHints":{"allow":["GET"]}}],"collection":[{"href":"https:\/\/e-nb1.hu\/index.php?rest_route=\/wp\/v2\/posts"}],"about":[{"href":"https:\/\/e-nb1.hu\/index.php?rest_route=\/wp\/v2\/types\/post"}],"author":[{"embeddable":true,"href":"https:\/\/e-nb1.hu\/index.php?rest_route=\/wp\/v2\/users\/1"}],"replies":[{"embeddable":true,"href":"https:\/\/e-nb1.hu\/index.php?rest_route=%2Fwp%2Fv2%2Fcomments&post=182"}],"version-history":[{"count":1,"href":"https:\/\/e-nb1.hu\/index.php?rest_route=\/wp\/v2\/posts\/182\/revisions"}],"predecessor-version":[{"id":183,"href":"https:\/\/e-nb1.hu\/index.php?rest_route=\/wp\/v2\/posts\/182\/revisions\/183"}],"wp:attachment":[{"href":"https:\/\/e-nb1.hu\/index.php?rest_route=%2Fwp%2Fv2%2Fmedia&parent=182"}],"wp:term":[{"taxonomy":"category","embeddable":true,"href":"https:\/\/e-nb1.hu\/index.php?rest_route=%2Fwp%2Fv2%2Fcategories&post=182"},{"taxonomy":"post_tag","embeddable":true,"href":"https:\/\/e-nb1.hu\/index.php?rest_route=%2Fwp%2Fv2%2Ftags&post=182"}],"curies":[{"name":"wp","href":"https:\/\/api.w.org\/{rel}","templated":true}]}}