{"id":193,"date":"2023-12-06T13:18:14","date_gmt":"2023-12-06T11:18:14","guid":{"rendered":"https:\/\/e-nb1.hu\/?p=193"},"modified":"2023-12-06T13:18:15","modified_gmt":"2023-12-06T11:18:15","slug":"uresjarat","status":"publish","type":"post","link":"https:\/\/e-nb1.hu\/?p=193","title":{"rendered":"\u00dcresj\u00e1rat"},"content":{"rendered":"\n<p>Az elm\u00falt m\u00e1sf\u00e9l h\u00e9tben k\u00f6r\u00fclbel\u00fcl semmire se volt id\u0151m, de holnap j\u00f6nnek az \u00fajdons\u00e1gok. Elkezdtem az NB2-es csapatok mezeit is megszerkeszteni, j\u00f3p\u00e1r darab biztosan k\u00e9sz lesz a k\u00f6vetkez\u0151 hetekben. Persze a szerkeszt\u00e9s m\u00f3d n\u00e9lk\u00fcl tov\u00e1bbra se \u00e9r\u00fcnk ezekkel semmit.<\/p>\n\n\n\n<p>Holnap j\u00f6n a 3.2.0-\u00e1s verzi\u00f3, b\u0151ven lesz \u00fajdons\u00e1g. Dream Team-en bel\u00fcl MyLeague n\u00e9ven \u00e9rkezik egy offline liga. A Division redszer\u00e9n bel\u00fcl is lesznek \u00faj\u00edt\u00e1sok: a matchmaking sor\u00e1n maximum 2 oszt\u00e1ly k\u00fcl\u00f6nbs\u00e9g lehet az ellenfel\u00fcnkkel. Free Trainingben is haszn\u00e1lhat\u00f3 lesz a Dream Team csapat. A lej\u00e1rt szerz\u0151d\u00e9sek pedig ezent\u00fal GP-vel is meghosszabb\u00edthat\u00f3ak lesznek 10 vagy 60 nappal, b\u00e1r ez biztos nem lesz olcs\u00f3, mint p\u00e9ld\u00e1ul a Legacy Transfer eset\u00e9ben is n\u00e9h\u00e1ny sz\u00e1zezer a sz\u00fcks\u00e9ges d\u00edj. Illetve egyre lesz limit\u00e1lva a mecccs k\u00f6zben &#8222;kinyomhat\u00f3&#8221; g\u00f3l\u00f6r\u00f6m\u00f6k sz\u00e1ma is. Ez ut\u00f3bbival szerintem meg fog n\u0151ni a feladott meccsek sz\u00e1ma, sokan nem fogj\u00e1k \u00f6r\u00f6mmel fogadni, hogy a m\u00e1sik g\u00f3l\u00f6r\u00f6m\u00e9t kell n\u00e9zni.<\/p>\n\n\n\n<p>A Co-Op m\u00f3don bel\u00fcl is j\u00f6nnek v\u00e1ltoz\u00e1sok: \u00faj Event rendszer, amiben m\u00e1r nem csak ismer\u0151s\u00f6kkel, hanem random online ellenfelekkel is megm\u00e9rk\u0151zhet\u00fcnk.<\/p>\n\n\n\n<p>Tov\u00e1bbi inform\u00e1ci\u00f3k holnap!<\/p>\n","protected":false},"excerpt":{"rendered":"<p>Az elm\u00falt m\u00e1sf\u00e9l h\u00e9tben k\u00f6r\u00fclbel\u00fcl semmire se volt id\u0151m, de holnap j\u00f6nnek az \u00fajdons\u00e1gok. Elkezdtem az NB2-es csapatok mezeit is<\/p>\n","protected":false},"author":1,"featured_media":0,"comment_status":"open","ping_status":"open","sticky":false,"template":"","format":"standard","meta":{"colormag_page_container_layout":"default_layout","colormag_page_sidebar_layout":"default_layout","footnotes":""},"categories":[1],"tags":[],"class_list":["post-193","post","type-post","status-publish","format-standard","hentry","category-altalanos"],"_links":{"self":[{"href":"https:\/\/e-nb1.hu\/index.php?rest_route=\/wp\/v2\/posts\/193","targetHints":{"allow":["GET"]}}],"collection":[{"href":"https:\/\/e-nb1.hu\/index.php?rest_route=\/wp\/v2\/posts"}],"about":[{"href":"https:\/\/e-nb1.hu\/index.php?rest_route=\/wp\/v2\/types\/post"}],"author":[{"embeddable":true,"href":"https:\/\/e-nb1.hu\/index.php?rest_route=\/wp\/v2\/users\/1"}],"replies":[{"embeddable":true,"href":"https:\/\/e-nb1.hu\/index.php?rest_route=%2Fwp%2Fv2%2Fcomments&post=193"}],"version-history":[{"count":1,"href":"https:\/\/e-nb1.hu\/index.php?rest_route=\/wp\/v2\/posts\/193\/revisions"}],"predecessor-version":[{"id":194,"href":"https:\/\/e-nb1.hu\/index.php?rest_route=\/wp\/v2\/posts\/193\/revisions\/194"}],"wp:attachment":[{"href":"https:\/\/e-nb1.hu\/index.php?rest_route=%2Fwp%2Fv2%2Fmedia&parent=193"}],"wp:term":[{"taxonomy":"category","embeddable":true,"href":"https:\/\/e-nb1.hu\/index.php?rest_route=%2Fwp%2Fv2%2Fcategories&post=193"},{"taxonomy":"post_tag","embeddable":true,"href":"https:\/\/e-nb1.hu\/index.php?rest_route=%2Fwp%2Fv2%2Ftags&post=193"}],"curies":[{"name":"wp","href":"https:\/\/api.w.org\/{rel}","templated":true}]}}