{"id":257,"date":"2024-01-31T21:22:10","date_gmt":"2024-01-31T19:22:10","guid":{"rendered":"https:\/\/e-nb1.hu\/?p=257"},"modified":"2024-01-31T21:22:10","modified_gmt":"2024-01-31T19:22:10","slug":"holnap-jon-az-uj-potw","status":"publish","type":"post","link":"https:\/\/e-nb1.hu\/?p=257","title":{"rendered":"Holnap j\u00f6n az \u00faj POTW!"},"content":{"rendered":"\n<p>\u00c9s ha j\u00f6n az elm\u00falt h\u00e9tv\u00e9ge legjobbjaib\u00f3l \u00f6ssze\u00e1ll\u00edtott csapat, akkor a j\u00f3slataim sem maradhatnak el!<\/p>\n\n\n\n<p>Angli\u00e1ban nem volt bajnoki fordul\u00f3, \u00edgy a holland-portug\u00e1l-t\u00f6r\u00f6k liga h\u00e1rmasa nagyobb figyelmet k\u00edv\u00e1n, szerintem onn\u00e9t is beker\u00fclnek p\u00e1ran.<\/p>\n\n\n\n<p><strong>Franciaorsz\u00e1g<\/strong>:<\/p>\n\n\n\n<p>Sima els\u0151 f\u00e9lid\u0151 ut\u00e1n kicsit megizzadt, de nyert a Rennes a Lyon otthon\u00e1ban. A meccs legjobbja a g\u00f3lig \u00e9s g\u00f3lpasszig jut\u00f3 <strong>Dou\u00e9<\/strong> volt. A Nice tov\u00e1bb \u00fcld\u00f6zi a PSG-t. Ez\u00fattal a Metz ellen gy\u0151ztek, vez\u00e9r\u00fck a csapatkapit\u00e1ny, vagyis a v\u00e9delem k\u00f6zep\u00e9n nagyot j\u00e1tsz\u00f3 <strong>Dante<\/strong> volt. A Lille egy f\u00e9lid\u0151nyi emberh\u00e1tr\u00e1nyban j\u00e1tszott 0-0-\u00e1s d\u00f6ntetlent a Montpellier vend\u00e9gek\u00e9nt. A vend\u00e9g kapus 7 v\u00e9d\u00e9st mutatott be, ezzel Chevalier kapta a legmagasabb oszt\u00e1lyzatot \u00e9s a legt\u00f6bb d\u00edcs\u00e9retet is. A Le Havre-ban cserek\u00e9nt dupl\u00e1z\u00f3 Ayew alaposan elszomor\u00edtotta a Lorient szurkol\u00f3it.<\/p>\n\n\n\n<p><strong>Hollandia<\/strong>:<\/p>\n\n\n\n<p>Luuk de Jong hozta a szok\u00e1sost, dupl\u00e1j\u00e1val verte a PSV az Almere csapat\u00e1t. Az Ajax is haza vitte a h\u00e1rom bajnoki pontot. A Heracles elleni 4-2-es sikerb\u0151l a dupl\u00e1z\u00f3 Brobbey \u00e9s a v\u00e9gig vesz\u00e9lyes, g\u00f3lt is szerz\u0151 <strong>Berghuis<\/strong> v\u00e1llalta a legnagyobb r\u00e9szt.<\/p>\n\n\n\n<p><strong>N\u00e9metorsz\u00e1g<\/strong>:<\/p>\n\n\n\n<p>Nem k\u00f6nnyen, de nyert a Bayern. Egyik legjobbjuk a kanadai <strong>Davies<\/strong> volt. V\u00e9d\u0151 l\u00e9t\u00e9re g\u00f3lt jegyzett \u00e9s v\u00e9gig vesz\u00e9lyt jelentett a bal sz\u00e9len.<\/p>\n\n\n\n<p><strong>Olaszorsz\u00e1g<\/strong>:<\/p>\n\n\n\n<p>Visszat\u00e9r\u0151 vend\u00e9k lehet a csapatba Milinkovic-Savic. A Torino kapusa a Cagliari elleni 2-1-es gy\u0151zelem alkalm\u00e1val kilenc v\u00e9d\u00e9st mutatott be, nagyban hozz\u00e1 j\u00e1rulva a sikerhez. A Milan-t\u00f3l kik\u00f6lcs\u00f6nz\u00f6tt belga <strong>de Ketelaer<\/strong>e k\u00e9t asszisztj\u00e1nak \u00e9s j\u00f3 j\u00e1t\u00e9kanak k\u00f6sz\u00f6nhet\u0151en tartotta otthon a pontokat az Atalanta az Udinese elleni meccsen. Colpani tal\u00e1lat\u00e1val nyert a Monza a Sassuolo ellen, a fiatal k\u00f6z\u00e9pp\u00e1ly\u00e1s messze kiemelkedett a mez\u0151nyb\u0151l.<\/p>\n\n\n\n<p><strong>Portug\u00e1lia<\/strong>:<\/p>\n\n\n\n<p><strong>Evan\u00edlson<\/strong> k\u00e9t g\u00f3lja \u00e9s Pep\u00e9 k\u00e9t g\u00f3lpassza alapozta meg a Porto gy\u0151zelm\u00e9t. Spanyoljai dupl\u00e1ival \u00fct\u00f6tte ki ellenfel\u00e9t az Arouca, Cristo \u00e9s Mujica lett a Vizela veszte. A Benfica is sim\u00e1n nyert, di Mar\u00eda megint megvillantotta klasszis\u00e1t. Nyolc g\u00f3lt l\u0151tt a Sporting: nem volt gyenge l\u00e1ncszem a csapatban, a dupl\u00e1z\u00f3 <strong>Gy\u00f6keres<\/strong> Viktor j\u00f3 es\u00e9llyel p\u00e1ly\u00e1zik a legjobb 11-be ker\u00fcl\u00e9sre.<\/p>\n\n\n\n<p><strong>Spanyolorsz\u00e1g<\/strong>:<\/p>\n\n\n\n<p>Tov\u00e1bb tart az Almer\u00eda m\u00e9lyrep\u00fcl\u00e9se. B\u00e1r a helyzeteik meg voltak az Alav\u00e9s ellen, a k\u00e9k-feh\u00e9rek spanyol port\u00e1sa, Sivera h\u00e1rom sz\u00e9p v\u00e9d\u00e9ssel jelentkezett be a kapusoknak j\u00e1r\u00f3 helyre. Sokan nyaralni j\u00e1rnak Las Palmas-ra, a Real Madrid j\u00e1t\u00e9kosai viszont bajnoki m\u00e9rk\u0151z\u00e9sre voltak hivatalosak a szigetre. Toni <strong>Kroos<\/strong> volt a vend\u00e9gek siker\u00e9nek kulcsa, remek labd\u00e1j\u00e1t k\u00f6vet\u0151en Tchouameni megszerezte a gy\u0151ztes g\u00f3lt. Katal\u00f3nia sz\u00e1m\u00e1ra el\u00e9g fekete lett a h\u00e9tv\u00e9ge. A szezonban csak k\u00fcszk\u00f6d\u0151 Villarreal \u00f6t\u00f6t l\u0151tt a Barcelona ellen, a norv\u00e9g <strong>Sorloth<\/strong> egyszer bek\u00f6sz\u00f6nt m\u00edg k\u00e9tszer el\u0151k\u00e9sz\u00edtett, ezzel a meccs legjobbja c\u00edmet is bezsebelte. A Girona bajnoki menetel\u00e9se sem szakadt meg, b\u00e1r legjobbjuk most az argent\u00edn kapus lett. <strong>Gazzaniga<\/strong> hat v\u00e9d\u00e9ssel szomor\u00edtotta a Celta drukkereket. Gy\u0151z\u00f6tt az Atl\u00e9tico is, n\u00e1luk a g\u00f3lt szerz\u0151 brazil Lino emelhet\u0151 ki legink\u00e1bb.<\/p>\n\n\n\n<p><strong>T\u00f6r\u00f6korsz\u00e1g<\/strong>:<\/p>\n\n\n\n<p>A listavezet\u0151 Fenerbahce csapat\u00e1ban a dupl\u00e1z\u00f3 \u00dcnder hozta amit lassan m\u00e1r-m\u00e1r elv\u00e1rnak t\u0151le, az Ankarag\u00fcc\u00fc b\u00e1r vezetett, v\u00e9g\u00fcl nem szerzett pontot. A Karag\u00fcmr\u00fck-ben Mercan k\u00e9t g\u00f3lb\u00f3l vette ki a r\u00e9sz\u00e9t. G\u00f3lpassza ut\u00e1n betal\u00e1lt, remekelt a balbekk. A Basaksehir f\u00e9lidei 0-2-r\u0151l nyert, a lengyel <strong>Piatek<\/strong> tripl\u00e1zott. <\/p>\n","protected":false},"excerpt":{"rendered":"<p>\u00c9s ha j\u00f6n az elm\u00falt h\u00e9tv\u00e9ge legjobbjaib\u00f3l \u00f6ssze\u00e1ll\u00edtott csapat, akkor a j\u00f3slataim sem maradhatnak el! Angli\u00e1ban nem volt bajnoki fordul\u00f3,<\/p>\n","protected":false},"author":1,"featured_media":0,"comment_status":"open","ping_status":"open","sticky":false,"template":"","format":"standard","meta":{"colormag_page_container_layout":"default_layout","colormag_page_sidebar_layout":"default_layout","footnotes":""},"categories":[4],"tags":[],"class_list":["post-257","post","type-post","status-publish","format-standard","hentry","category-efootball-online-event"],"_links":{"self":[{"href":"https:\/\/e-nb1.hu\/index.php?rest_route=\/wp\/v2\/posts\/257","targetHints":{"allow":["GET"]}}],"collection":[{"href":"https:\/\/e-nb1.hu\/index.php?rest_route=\/wp\/v2\/posts"}],"about":[{"href":"https:\/\/e-nb1.hu\/index.php?rest_route=\/wp\/v2\/types\/post"}],"author":[{"embeddable":true,"href":"https:\/\/e-nb1.hu\/index.php?rest_route=\/wp\/v2\/users\/1"}],"replies":[{"embeddable":true,"href":"https:\/\/e-nb1.hu\/index.php?rest_route=%2Fwp%2Fv2%2Fcomments&post=257"}],"version-history":[{"count":1,"href":"https:\/\/e-nb1.hu\/index.php?rest_route=\/wp\/v2\/posts\/257\/revisions"}],"predecessor-version":[{"id":258,"href":"https:\/\/e-nb1.hu\/index.php?rest_route=\/wp\/v2\/posts\/257\/revisions\/258"}],"wp:attachment":[{"href":"https:\/\/e-nb1.hu\/index.php?rest_route=%2Fwp%2Fv2%2Fmedia&parent=257"}],"wp:term":[{"taxonomy":"category","embeddable":true,"href":"https:\/\/e-nb1.hu\/index.php?rest_route=%2Fwp%2Fv2%2Fcategories&post=257"},{"taxonomy":"post_tag","embeddable":true,"href":"https:\/\/e-nb1.hu\/index.php?rest_route=%2Fwp%2Fv2%2Ftags&post=257"}],"curies":[{"name":"wp","href":"https:\/\/api.w.org\/{rel}","templated":true}]}}